{"id":11971,"date":"2007-02-24T00:47:17","date_gmt":"2007-02-24T00:47:17","guid":{"rendered":"http:\/\/.\/?p=11971"},"modified":"2012-08-21T12:14:43","modified_gmt":"2012-08-21T10:14:43","slug":"11971","status":"publish","type":"post","link":"https:\/\/archiv.sozialismus.info\/maschinenraum\/2007\/02\/11971\/","title":{"rendered":"Rentenk\u00fcrzungen: Volksvertreter nicht betroffen"},"content":{"rendered":"<p><img src=\"\/media\/2007\/minister_2005.jpg\" alt=\"\" align=\"left\" \/> Schon nach zwei Jahren Amtszeit haben Minister einen Pensionsanspruch in H\u00f6he von 1.965 Euro. Daf\u00fcr m\u00fcsste Otto-Normalverdiener 75 Jahre malochen.<\/p>\n<p><!--more--><br \/> \u00a0<\/p>\n<p>Nach vier Jahren Ministeramt kann ein Minister schon mit 55 Jahren (von wegen Rente mit 67) in den Ruhestand gehen und sich auf monatlich 3.556 Euro ausruhen.<\/p>\n<p>Bei Helmut Kohl (CDU) bel\u00e4uft sich der Pensionsanspruch laut Bund der Steuerzahler auf 12.800 Euro. Angela Merkel (CDU) d\u00fcrfte, sollte sie jetzt abtreten, schon 7.150 Euro abstauben, Gesundheitsministerin Ulla Schmidt (SPD) k\u00e4me auf 6.920 Euro.<\/p>\n","protected":false},"excerpt":{"rendered":"<p>Schon nach zwei Jahren Amtszeit haben Minister einen Pensionsanspruch in H\u00f6he von 1.965 Euro. Daf\u00fcr m\u00fcsste Otto-Normalverdiener 75 Jahre malochen.<\/p>\n","protected":false},"author":3,"featured_media":17827,"comment_status":"closed","ping_status":"closed","sticky":false,"template":"","format":"standard","meta":[],"categories":[78,112],"tags":[189],"_links":{"self":[{"href":"https:\/\/archiv.sozialismus.info\/maschinenraum\/wp-json\/wp\/v2\/posts\/11971"}],"collection":[{"href":"https:\/\/archiv.sozialismus.info\/maschinenraum\/wp-json\/wp\/v2\/posts"}],"about":[{"href":"https:\/\/archiv.sozialismus.info\/maschinenraum\/wp-json\/wp\/v2\/types\/post"}],"author":[{"embeddable":true,"href":"https:\/\/archiv.sozialismus.info\/maschinenraum\/wp-json\/wp\/v2\/users\/3"}],"replies":[{"embeddable":true,"href":"https:\/\/archiv.sozialismus.info\/maschinenraum\/wp-json\/wp\/v2\/comments?post=11971"}],"version-history":[{"count":0,"href":"https:\/\/archiv.sozialismus.info\/maschinenraum\/wp-json\/wp\/v2\/posts\/11971\/revisions"}],"wp:featuredmedia":[{"embeddable":true,"href":"https:\/\/archiv.sozialismus.info\/maschinenraum\/wp-json\/wp\/v2\/media\/17827"}],"wp:attachment":[{"href":"https:\/\/archiv.sozialismus.info\/maschinenraum\/wp-json\/wp\/v2\/media?parent=11971"}],"wp:term":[{"taxonomy":"category","embeddable":true,"href":"https:\/\/archiv.sozialismus.info\/maschinenraum\/wp-json\/wp\/v2\/categories?post=11971"},{"taxonomy":"post_tag","embeddable":true,"href":"https:\/\/archiv.sozialismus.info\/maschinenraum\/wp-json\/wp\/v2\/tags?post=11971"}],"curies":[{"name":"wp","href":"https:\/\/api.w.org\/{rel}","templated":true}]}}