{"id":11930,"date":"2007-01-31T19:14:09","date_gmt":"2007-01-31T19:14:09","guid":{"rendered":"http:\/\/.\/?p=11930"},"modified":"2012-08-21T12:39:35","modified_gmt":"2012-08-21T10:39:35","slug":"11930","status":"publish","type":"post","link":"https:\/\/archiv.sozialismus.info\/maschinenraum\/2007\/01\/11930\/","title":{"rendered":"Streiken gegen Rentenklau!"},"content":{"rendered":"<p><a href=\"\/?p=11938\"><img src=\"\/media\/2007\/Rente67-Protest_Transparent.jpg\" alt=\"\" align=\"left\" border=\"0\" \/> <\/a>Arbeiten bis zum Umfallen? Noch mehr Altersarmut? Noch weniger Jobs f\u00fcr Jugendliche? Nichts da! Alle gemeinsam auf die Stra\u00dfe!<br \/><em>von Daniel Behruzi, Berlin<\/em><\/p>\n<p><!--more--><br \/> \u00a0<\/p>\n<ul>\n<li>F\u00fcr einen bundesweiten gemeinsamen Streiktag gegen die Renten\u201creform\u201c,organisiert von allen DGB-Gewerkschaften<\/li>\n<li>Sp\u00e4testens am Tag der Anh\u00f6rung im Bundestag am 26. Februar sollte inallen Betrieben die Arbeit niedergelegt und zu lokalen oder regionalenDemos aufgerufen werden<\/li>\n<li>F\u00fcr einen gemeinsamen Protest mit Erwerbslosen, Sch\u00fclerInnen,Studierenden und RentnerInnen<\/li>\n<li>Gegen Renten- und Gesundheits\u201creform\u201c, gegen Lohnraub, gegenStudiengeb\u00fchren<\/li>\n<li>Ran an die Profite der Banken und Konzerne \u2013 f\u00fcr deutlicheLohnerh\u00f6hungen, Neueinstellungen und \u00f6ffentliche Investitionen beiSoziales, Bildung und Umwelt<\/li>\n<\/ul>\n<p>Die Gro\u00dfe Koalition der Sozialr\u00e4uber will das Renteneintrittsalter von 65 auf 67 anheben. Die Folgen sind faktische Rentenk\u00fcrzungen und noch mehr Erwerbslose. Doch noch haben wir die Chance, das Gesetz zu kippen \u2013 mit massenhaftem und vereintem Widerstand in den Betrieben und auf der Stra\u00dfe.<\/p>\n<h4>Rente mit 67 bedeutet Arbeiten bis zum Umfallen<\/h4>\n<p>Schon jetzt geht fast jeder dritte Besch\u00e4ftigte krankheitsbedingt fr\u00fchzeitig in den Ruhestand \u2013 und muss daf\u00fcr empfindliche Abschl\u00e4ge bei der Altersversorgung hinnehmen (minus 3,6 Prozent pro Jahr). Auf der einen Seite l\u00e4nger arbeiten, auf der anderen mehr Stress und schlechterer Gesundheitsschutz in den Betrieben \u2013 das passt nicht zusammen.<\/p>\n<h4>Rente mit 67 bedeutet mehr Altersarmut<\/h4>\n<p>Wo sind denn die Jobs f\u00fcr \u00c4ltere? Vier von zehn \u00fcber 55j\u00e4hrigen stehen schon jetzt auf der Stra\u00dfe. Die H\u00e4lfte der Unternehmen besch\u00e4ftigt keinen einzigen, der \u00e4lter als 50 ist. Diejenigen, die in Zukunft mit 65 in Rente gehen, bekommen 7,2 Prozent niedrigere Altersbez\u00fcge. Aktuell liegt die Durchschnittsrente nach 40 Versicherungsjahren bei lediglich 950 Euro. Viele haben noch deutlich weniger.<\/p>\n<h4>Rente mit 67 bedeutet mehr Erwerbslose<\/h4>\n<p>\u00c4ltere sollen l\u00e4nger arbeiten \u2013 und f\u00fcr Jugendliche fehlen Ausbildungs- und Arbeitspl\u00e4tze. Sch\u00e4tzungsweise 170.000 junge Menschen suchten im vergangenen Jahr erfolglos eine Lehrstelle \u2013 eine L\u00fccke so gro\u00df wie nie. Von \u00dcbernahme k\u00f6nnen die Azubis in den meisten Betrieben ohnehin nur tr\u00e4umen. Die Rente mit 67 wird diesen Notstand noch verst\u00e4rken.<\/p>\n<h4>Gegenwehr<\/h4>\n<p>Noch ist es m\u00f6glich, dieses asoziale Projekt der Gro\u00dfkoalition\u00e4re zu stoppen. Doch die Zeit dr\u00e4ngt. Schon im M\u00e4rz soll es im Bundestag beschlossen werden. Die betrieblichen Proteste im Januar haben die Produktion vielfach zum Stehen gebracht. Die hysterischen Reaktionen der Politiker und Unternehmer \u2013 die sich \u00fcber \u201epolitische Streiks\u201c emp\u00f6ren, als h\u00e4tten die Besch\u00e4ftigten nicht jedes Recht, sich gegen solche Schweinereien zur Wehr zu setzen \u2013 zeigen, dass das genau die Protestform ist, die ihnen weh tut.<\/p>\n<p>Also: weiter so! Aber als n\u00e4chstes nicht an verschiedenen Orten zu unterschiedlichen Zeiten, sondern alle gemeinsam.<\/p>\n<p>Wenn landauf, landab alle Belegschaften an einem Tag die Arbeit niederlegen und gemeinsam mit Erwerbslosen, Studierenden und RentnerInnen auf die Stra\u00dfe gehen, wird die Macht der Masse sichtbar.<\/p>\n<p>Und wenn der Kampf gegen die Rente mit 67 mit anderen aktuellen Konflikten \u2013 der Gesundheitsreform, den Tarifrunden, dem Lohnraub in den Betrieben, der Einf\u00fchrung von Studiengeb\u00fchren \u2013 verbunden wird, dann werden uns die Bosse und Politiker nicht weiter einfach ignorieren k\u00f6nnen.<\/p>\n","protected":false},"excerpt":{"rendered":"<p>Arbeiten bis zum Umfallen? Noch mehr Altersarmut? Noch weniger Jobs f\u00fcr Jugendliche? Nichts da! Alle gemeinsam auf die Stra\u00dfe!<\/p>\n","protected":false},"author":3,"featured_media":17827,"comment_status":"closed","ping_status":"closed","sticky":false,"template":"","format":"standard","meta":[],"categories":[78,112],"tags":[189],"_links":{"self":[{"href":"https:\/\/archiv.sozialismus.info\/maschinenraum\/wp-json\/wp\/v2\/posts\/11930"}],"collection":[{"href":"https:\/\/archiv.sozialismus.info\/maschinenraum\/wp-json\/wp\/v2\/posts"}],"about":[{"href":"https:\/\/archiv.sozialismus.info\/maschinenraum\/wp-json\/wp\/v2\/types\/post"}],"author":[{"embeddable":true,"href":"https:\/\/archiv.sozialismus.info\/maschinenraum\/wp-json\/wp\/v2\/users\/3"}],"replies":[{"embeddable":true,"href":"https:\/\/archiv.sozialismus.info\/maschinenraum\/wp-json\/wp\/v2\/comments?post=11930"}],"version-history":[{"count":0,"href":"https:\/\/archiv.sozialismus.info\/maschinenraum\/wp-json\/wp\/v2\/posts\/11930\/revisions"}],"wp:featuredmedia":[{"embeddable":true,"href":"https:\/\/archiv.sozialismus.info\/maschinenraum\/wp-json\/wp\/v2\/media\/17827"}],"wp:attachment":[{"href":"https:\/\/archiv.sozialismus.info\/maschinenraum\/wp-json\/wp\/v2\/media?parent=11930"}],"wp:term":[{"taxonomy":"category","embeddable":true,"href":"https:\/\/archiv.sozialismus.info\/maschinenraum\/wp-json\/wp\/v2\/categories?post=11930"},{"taxonomy":"post_tag","embeddable":true,"href":"https:\/\/archiv.sozialismus.info\/maschinenraum\/wp-json\/wp\/v2\/tags?post=11930"}],"curies":[{"name":"wp","href":"https:\/\/api.w.org\/{rel}","templated":true}]}}